{"id":54070,"date":"2024-08-05T16:24:39","date_gmt":"2024-08-05T16:24:39","guid":{"rendered":"https:\/\/villasyfincasmallorca.com\/?p=54070"},"modified":"2026-06-29T19:26:54","modified_gmt":"2026-06-29T17:26:54","slug":"the-10-most-beautiful-villages-to-live-in-mallorca","status":"publish","type":"post","link":"https:\/\/villasyfincasmallorca.com\/en\/the-10-most-beautiful-villages-to-live-in-mallorca\/","title":{"rendered":"The 10 Most Beautiful Villages to Live in Mallorca"},"content":{"rendered":"<p>[vc_row][vc_column][vc_column_text]<\/p>\n<p><strong>Mallorca isn&#8217;t one place: it&#8217;s many villages, each with a very different soul.<\/strong> If you&#8217;re looking for somewhere to live \u2014 not to holiday, but day to day \u2014 the question isn&#8217;t &#8220;which is the prettiest?&#8221; but &#8220;which one fits you?&#8221;. There are mountain villages among olive trees and morning mist, seaside villages that beat all year round, and inland villages where the weekly market still sets the rhythm.<\/p>\n<p>There are two Mallorcas: the August-postcard one, and the one you live in February, when the tourists leave and the village goes back to belonging to its residents. This is our honest pick of the most beautiful villages to live in, from the Serra de Tramuntana to the southeast, told by people who live here twelve months of the year.<\/p>\n<p>[\/vc_column_text]<br \/>\n[g5plus_space desktop=&#8221;35&#8243; tablet=&#8221;30&#8243; tablet_portrait=&#8221;25&#8243; mobile_landscape=&#8221;20&#8243; mobile=&#8221;20&#8243;]<br \/>\n[g5plus_heading sub_title=&#8221;First things first&#8221; title=&#8221;Before you choose: five things that make all the difference&#8221; text_align=&#8221;text-left&#8221;]<br \/>\n[g5plus_space desktop=&#8221;20&#8243; tablet=&#8221;18&#8243; tablet_portrait=&#8221;15&#8243; mobile_landscape=&#8221;12&#8243; mobile=&#8221;12&#8243;]<br \/>\n[vc_column_text]<\/p>\n<p>Before you fall for a village, it pays to come back down to earth. These are the questions that really matter when you live here all year, not just for two weeks in summer:<\/p>\n<ul>\n<li><strong>Coast or inland?<\/strong> The coast costs more and lives more by the season; the interior is more affordable, quieter and more authentic the whole year through.<\/li>\n<li><strong>Main home or second home?<\/strong> A village that beats in February is a very different thing from one that all but closes from October to April. If you&#8217;re going to live here, look for life all year round.<\/li>\n<li><strong>Distance to the airport and to Palma.<\/strong> It shapes your daily life, your access to hospitals, and how easy it is to host visitors or come and go.<\/li>\n<li><strong>Services:<\/strong> school, doctor, supermarket, decent fibre. What looks secondary in August is decisive in January.<\/li>\n<li><strong>The atmosphere and the community:<\/strong> in some villages you&#8217;ll mostly hear Mallorcan and Spanish; in others, plenty of German or English. Think about who you actually want to live among.<\/li>\n<li><strong>Budget.<\/strong> The Serra de Tramuntana and the seafront are the most expensive parts of the island; the inland southeast is among the most reasonable.<\/li>\n<\/ul>\n<p>[\/vc_column_text]<\/p>\n<p>[vc_message message_box_style=&#8221;solid-icon&#8221; message_box_color=&#8221;success&#8221; icon_fontawesome=&#8221;fa fa-home&#8221;]<br \/>\n<strong>What only the people who live here know:<\/strong> before you settle on a village, visit it in the depths of winter, on an ordinary Tuesday. You&#8217;ll see what it&#8217;s really like once summer leaves \u2014 what stays open, who remains, how the place feels. That&#8217;s what matters when you&#8217;re going to live somewhere. An August postcard tells you nothing about the real village.<br \/>\n[\/vc_message]<\/p>\n<p>[g5plus_space desktop=&#8221;35&#8243; tablet=&#8221;30&#8243; tablet_portrait=&#8221;25&#8243; mobile_landscape=&#8221;20&#8243; mobile=&#8221;20&#8243;]<br \/>\n[g5plus_heading sub_title=&#8221;The mountains&#8221; title=&#8221;Serra de Tramuntana: Valldemossa, S\u00f3ller, Dei\u00e0 and Fornalutx&#8221; text_align=&#8221;text-left&#8221;]<br \/>\n[g5plus_space desktop=&#8221;20&#8243; tablet=&#8221;18&#8243; tablet_portrait=&#8221;15&#8243; mobile_landscape=&#8221;12&#8243; mobile=&#8221;12&#8243;]<br \/>\n[vc_column_text]<\/p>\n<p><strong><a href=\"https:\/\/villasyfincasmallorca.com\/en\/valldemossa-a-picturesque-and-charming-village-to-live-in-mallorca\/\">Valldemossa<\/a><\/strong> is the picture-postcard village of the Tramuntana: cobbled streets, stone houses with flowerpots, and the Royal Carthusian Monastery where Chopin and George Sand spent a winter. Palma is twenty minutes away, the setting is a World Heritage Site, and there&#8217;s a calm that high season breaks with tourism but that returns, for good, from October to May. It isn&#8217;t cheap, but few places give you so much beauty the moment you step out of the door. <a href=\"https:\/\/villasyfincasmallorca.com\/en\/valldemossa-a-picturesque-and-charming-village-to-live-in-mallorca\/\">Here&#8217;s what living in Valldemossa is really like.<\/a><\/p>\n<p><strong><a href=\"https:\/\/villasyfincasmallorca.com\/en\/living-in-soller-mallorcas-orange-valley-in-the-tramuntana\/\">S\u00f3ller<\/a><\/strong> is a whole valley of orange groves ringed by mountains, linked to Palma by a wooden train from 1912 and to its port by a century-old tram from 1913. It has a life of its own all year, full services, a modernist square, and a community well used to people arriving from elsewhere. For anyone who wants mountain nature without giving up a real, working village, it&#8217;s one of the best options on the island. <a href=\"https:\/\/villasyfincasmallorca.com\/en\/living-in-soller-mallorcas-orange-valley-in-the-tramuntana\/\">Here&#8217;s what living in S\u00f3ller is really like.<\/a><\/p>\n<p><strong><a href=\"https:\/\/villasyfincasmallorca.com\/en\/living-in-deia-mallorcas-village-of-artists-in-the-tramuntana\/\">Dei\u00e0<\/a><\/strong> is the artists&#8217; village, hanging between mountain and sea. Robert Graves lived here and is buried here, and that bohemian legacy still lingers in the air. Its houses step down terraces that fall towards the Mediterranean, and its sunsets from Son Marroig are legendary. It&#8217;s very small, very exclusive and among the most expensive on the island, with barely any services in the village itself: S\u00f3ller, ten minutes away, is the real base. You choose it for what it is, not for convenience. <a href=\"https:\/\/villasyfincasmallorca.com\/en\/living-in-deia-mallorcas-village-of-artists-in-the-tramuntana\/\">Here&#8217;s what living in Dei\u00e0 is really like.<\/a><\/p>\n<p><strong><a href=\"https:\/\/villasyfincasmallorca.com\/en\/living-in-fornalutx-spains-prettiest-village-in-the-tramuntana\/\">Fornalutx<\/a><\/strong> appears on every list of the most beautiful village in Spain: slate steps, stone houses, flowering pots and orange terraces in the S\u00f3ller valley. Tiny and profoundly quiet, with trails heading into the Tramuntana straight from the square, and S\u00f3ller five minutes away for anything you need. For those after seclusion and extreme beauty; not for those who want everyday life right on the doorstep. <a href=\"https:\/\/villasyfincasmallorca.com\/en\/living-in-fornalutx-spains-prettiest-village-in-the-tramuntana\/\">Here&#8217;s what living in Fornalutx is really like.<\/a><\/p>\n<p>[\/vc_column_text]<br \/>\n[g5plus_space desktop=&#8221;35&#8243; tablet=&#8221;30&#8243; tablet_portrait=&#8221;25&#8243; mobile_landscape=&#8221;20&#8243; mobile=&#8221;20&#8243;]<br \/>\n[g5plus_heading sub_title=&#8221;The north&#8221; title=&#8221;Pollen\u00e7a, Alc\u00fadia and Art\u00e0&#8221; text_align=&#8221;text-left&#8221;]<br \/>\n[g5plus_space desktop=&#8221;20&#8243; tablet=&#8221;18&#8243; tablet_portrait=&#8221;15&#8243; mobile_landscape=&#8221;12&#8243; mobile=&#8221;12&#8243;]<br \/>\n[vc_column_text]<\/p>\n<p><strong><a href=\"https:\/\/villasyfincasmallorca.com\/en\/living-in-pollenca-charm-culture-and-sea-in-north-mallorca\/\">Pollen\u00e7a<\/a><\/strong> has a beautiful old town, the famous Calvari with its 365 steps, and one of the best Sunday markets on the island. It strikes a difficult balance: genuine charm and real life all year round, with a summer Music Festival and Port de Pollen\u00e7a and Formentor twenty minutes away. The natural gateway to some of the most spectacular landscapes in the north. <a href=\"https:\/\/villasyfincasmallorca.com\/en\/living-in-pollenca-charm-culture-and-sea-in-north-mallorca\/\">Here&#8217;s what living in Pollen\u00e7a is really like.<\/a><\/p>\n<p><strong><a href=\"https:\/\/villasyfincasmallorca.com\/en\/living-in-alcudia-history-walls-and-beach-in-north-mallorca\/\">Alc\u00fadia<\/a><\/strong> has one of the prettiest historic centres on the island: a 14th-century walled medieval enclosure, stone streets, and the ancient Roman city of Pollentia at its feet. It combines history, a Tuesday market, village life and the closeness of the island&#8217;s largest bay, its beaches and the s&#8217;Albufera nature park. For anyone who wants a historic centre with charm without giving up the beach and full services. <a href=\"https:\/\/villasyfincasmallorca.com\/en\/living-in-alcudia-history-walls-and-beach-in-north-mallorca\/\">Here&#8217;s what living in Alc\u00fadia is really like.<\/a><\/p>\n<p><strong><a href=\"https:\/\/villasyfincasmallorca.com\/en\/living-in-arta-authentic-mallorca-in-the-llevant\/\">Art\u00e0<\/a><\/strong> is the authentic Llevant: a hillside village crowned by the walled Sant Salvador sanctuary, with the Ses Pa\u00efsses talayotic settlement among holm oaks and some of the wildest beaches on the island \u2014 Cala Torta, Cala Mesquida \u2014 fifteen or twenty minutes away. Full services, a Tuesday market and reasonable prices; the airport, the furthest on this list (55-60 min). For anyone who wants the real Mallorca of the Llevant. <a href=\"https:\/\/villasyfincasmallorca.com\/en\/living-in-arta-authentic-mallorca-in-the-llevant\/\">Here&#8217;s what living in Art\u00e0 is really like.<\/a><\/p>\n<p>[\/vc_column_text]<br \/>\n[g5plus_space desktop=&#8221;35&#8243; tablet=&#8221;30&#8243; tablet_portrait=&#8221;25&#8243; mobile_landscape=&#8221;20&#8243; mobile=&#8221;20&#8243;]<br \/>\n[g5plus_heading sub_title=&#8221;The interior and the southeast&#8221; title=&#8221;Felanitx, Santany\u00ed, Ses Salines, Col\u00f2nia and Campos&#8221; text_align=&#8221;text-left&#8221;]<br \/>\n[g5plus_space desktop=&#8221;20&#8243; tablet=&#8221;18&#8243; tablet_portrait=&#8221;15&#8243; mobile_landscape=&#8221;12&#8243; mobile=&#8221;12&#8243;]<br \/>\n[vc_column_text]<\/p>\n<p><strong><a href=\"https:\/\/villasyfincasmallorca.com\/en\/living-in-felanitx-wine-country-and-portocolom-se-mallorca\/\">Felanitx<\/a><\/strong> is an inland village with character, a winemaking tradition and a lively Sunday market. It&#8217;s crowned by the Sant Salvador sanctuary \u2014 at over 500 metres, with views across the whole island \u2014 and, at its feet, the medieval, rocky Santueri Castle. Portocolom, one of the prettiest fishing harbours in the southeast, is fifteen minutes away. A good balance of price, services and closeness to the sea. <a href=\"https:\/\/villasyfincasmallorca.com\/en\/living-in-felanitx-wine-country-and-portocolom-se-mallorca\/\">Here&#8217;s what living in Felanitx is really like.<\/a><\/p>\n<p><strong><a href=\"https:\/\/villasyfincasmallorca.com\/en\/living-in-santanyi-everyday-life-in-southeast-mallorca\/\">Santany\u00ed<\/a><\/strong> is already our patch, the southeast. Golden mar\u00e8s stone, the light that won over painters, art galleries and a market on Wednesdays and Saturdays. And the gateway to the most unspoilt coves on the island: Cala Llombards, Cal\u00f3 des Moro, Cala Figuera, Mondrag\u00f3. It lives all year, has services to spare, and a well-kept atmosphere without ever becoming overcrowded. <a href=\"https:\/\/villasyfincasmallorca.com\/en\/living-in-santanyi-everyday-life-in-southeast-mallorca\/\">Here&#8217;s what living in Santany\u00ed is really like.<\/a><\/p>\n<p><strong><a href=\"https:\/\/villasyfincasmallorca.com\/en\/living-in-ses-salines-what-everyday-life-is-like-in-southeast-mallorca\/\">Ses Salines<\/a><\/strong> is our village, and we say so with pride. Small and flat, alive twelve months a year, its gastronomic emblem is Bodega Barahona \u2013 Casa Manolo, an institution since 1945. Ten minutes away, <a href=\"https:\/\/villasyfincasmallorca.com\/en\/the-best-beaches-and-coves-of-mallorca-a-guide-by-zones\/\">Es Trenc<\/a> and the Col\u00f2nia. At the Cap de Ses Salines, one of the skies with the least light pollution on the island. Affordable, authentic and well situated. <a href=\"https:\/\/villasyfincasmallorca.com\/en\/living-in-ses-salines-what-everyday-life-is-like-in-southeast-mallorca\/\">Here&#8217;s what living in Ses Salines is really like.<\/a><\/p>\n<p><strong><a href=\"https:\/\/villasyfincasmallorca.com\/en\/living-in-the-colonia-de-sant-jordi-southeast-mallorcas-seaside-village\/\">Col\u00f2nia de Sant Jordi<\/a><\/strong> is the seaside village of the southeast: harbour, promenade, restaurants and the best beaches in the area. From here the boats leave for the Cabrera National Park. Livelier in summer and quiet the rest of the year \u2014 very quiet in winter; for anyone who wants to live with the beach literally at the door and accepts the rhythm of the season. <a href=\"https:\/\/villasyfincasmallorca.com\/en\/living-in-the-colonia-de-sant-jordi-southeast-mallorcas-seaside-village\/\">Here&#8217;s what living in the Col\u00f2nia de Sant Jordi is really like.<\/a><\/p>\n<p><strong><a href=\"https:\/\/villasyfincasmallorca.com\/en\/living-in-campos-real-life-in-southeast-rural-mallorca\/\">Campos<\/a><\/strong> is agricultural inland Mallorca, authentic, with one of the busiest markets in the southeast and every service \u2014 it&#8217;s where the rest of the villages do their big shop. It isn&#8217;t a postcard village, but it&#8217;s the real Mallorca. Its municipal area reaches all the way to Sa R\u00e0pita and the sands of Es Trenc; the thermal springs of Font Santa are unique in the Balearics. Practical, affordable and with the beach a stone&#8217;s throw away; perfect for living all year round. <a href=\"https:\/\/villasyfincasmallorca.com\/en\/living-in-campos-real-life-in-southeast-rural-mallorca\/\">Here&#8217;s what living in Campos is really like.<\/a><\/p>\n<p>[\/vc_column_text]<\/p>\n<p>[vc_message message_box_style=&#8221;solid-icon&#8221; message_box_color=&#8221;info&#8221; icon_fontawesome=&#8221;fa fa-map-marker&#8221;]<br \/>\n<strong>A quick guide by what you&#8217;re after:<\/strong> Mountains and nature \u2192 Valldemossa, S\u00f3ller, Dei\u00e0, Fornalutx. Beaches and unspoilt coves \u2192 Santany\u00ed, Ses Salines, Col\u00f2nia. Year-round life with full services \u2192 Campos, Santany\u00ed, S\u00f3ller, Pollen\u00e7a, Felanitx. History and old town \u2192 Alc\u00fadia, Pollen\u00e7a, Art\u00e0. Reasonable prices and authenticity \u2192 Art\u00e0, Campos, Felanitx. Art and atmosphere \u2192 Dei\u00e0, Pollen\u00e7a, Santany\u00ed.<br \/>\n[\/vc_message]<\/p>\n<p>[g5plus_space desktop=&#8221;35&#8243; tablet=&#8221;30&#8243; tablet_portrait=&#8221;25&#8243; mobile_landscape=&#8221;20&#8243; mobile=&#8221;20&#8243;]<br \/>\n[g5plus_heading sub_title=&#8221;The choice&#8221; title=&#8221;Which one fits you?&#8221; text_align=&#8221;text-left&#8221;]<br \/>\n[g5plus_space desktop=&#8221;20&#8243; tablet=&#8221;18&#8243; tablet_portrait=&#8221;15&#8243; mobile_landscape=&#8221;12&#8243; mobile=&#8221;12&#8243;]<br \/>\n[vc_column_text]<\/p>\n<p>There&#8217;s no such thing as &#8220;the best village in Mallorca&#8221;: there&#8217;s the one that fits your way of living, your budget and the rhythm you&#8217;re looking for. What we can tell you is what each one is really like once summer fades. We live in the southeast all year round and know every village, every cove and every neighbour first-hand.<\/p>\n<p>If you&#8217;d like us to tell you in detail what living in any of these villages is like, click through each of the links in this guide: every spoke has its own complete guide with services, logistics, housing, frequently asked questions and the view of someone who lives it. And if you already know where you want to go and you&#8217;re looking for a home, write to us: we&#8217;ll be glad to help you find yours. You can also take a look at <a href=\"https:\/\/villasyfincasmallorca.com\/en\/the-best-beaches-and-coves-of-mallorca-a-guide-by-zones\/\">the best beaches and coves of Mallorca<\/a> if the sea is your priority when choosing an area.<\/p>\n<p>[\/vc_column_text]<br \/>\n[g5plus_space desktop=&#8221;20&#8243; tablet=&#8221;18&#8243; tablet_portrait=&#8221;15&#8243; mobile_landscape=&#8221;12&#8243; mobile=&#8221;12&#8243;]<br \/>\n[vc_btn title=&#8221;Let&#8217;s talk about your home in Mallorca&#8221; style=&#8221;flat&#8221; shape=&#8221;round&#8221; color=&#8221;success&#8221; size=&#8221;lg&#8221; align=&#8221;center&#8221; link=&#8221;url:https%3A%2F%2Fvillasyfincasmallorca.com%2Fen%2Fcontacto%2F|title:Contact&#8221;]<br \/>\n[g5plus_space desktop=&#8221;20&#8243; tablet=&#8221;18&#8243; tablet_portrait=&#8221;15&#8243; mobile_landscape=&#8221;12&#8243; mobile=&#8221;12&#8243;][\/vc_column][\/vc_row]<\/p>\n","protected":false},"excerpt":{"rendered":"<p>[vc_row][vc_column][vc_column_text] Mallorca isn&#8217;t one place: it&#8217;s many villages, each with a very different soul. If you&#8217;re looking for somewhere to live \u2014 not to holiday, but day to day \u2014 the question isn&#8217;t &#8220;which is the prettiest?&#8221; but &#8220;which one fits you?&#8221;. There are mountain villages among olive trees and morning mist, seaside villages that [&hellip;]<\/p>\n","protected":false},"author":1,"featured_media":67295,"comment_status":"closed","ping_status":"open","sticky":false,"template":"","format":"standard","meta":{"_themeisle_gutenberg_block_has_review":false,"footnotes":""},"categories":[637],"tags":[],"class_list":["post-54070","post","type-post","status-publish","format-standard","has-post-thumbnail","hentry","category-villages-of-mallorca"],"_links":{"self":[{"href":"https:\/\/villasyfincasmallorca.com\/en\/wp-json\/wp\/v2\/posts\/54070","targetHints":{"allow":["GET"]}}],"collection":[{"href":"https:\/\/villasyfincasmallorca.com\/en\/wp-json\/wp\/v2\/posts"}],"about":[{"href":"https:\/\/villasyfincasmallorca.com\/en\/wp-json\/wp\/v2\/types\/post"}],"author":[{"embeddable":true,"href":"https:\/\/villasyfincasmallorca.com\/en\/wp-json\/wp\/v2\/users\/1"}],"replies":[{"embeddable":true,"href":"https:\/\/villasyfincasmallorca.com\/en\/wp-json\/wp\/v2\/comments?post=54070"}],"version-history":[{"count":1,"href":"https:\/\/villasyfincasmallorca.com\/en\/wp-json\/wp\/v2\/posts\/54070\/revisions"}],"predecessor-version":[{"id":67272,"href":"https:\/\/villasyfincasmallorca.com\/en\/wp-json\/wp\/v2\/posts\/54070\/revisions\/67272"}],"wp:featuredmedia":[{"embeddable":true,"href":"https:\/\/villasyfincasmallorca.com\/en\/wp-json\/wp\/v2\/media\/67295"}],"wp:attachment":[{"href":"https:\/\/villasyfincasmallorca.com\/en\/wp-json\/wp\/v2\/media?parent=54070"}],"wp:term":[{"taxonomy":"category","embeddable":true,"href":"https:\/\/villasyfincasmallorca.com\/en\/wp-json\/wp\/v2\/categories?post=54070"},{"taxonomy":"post_tag","embeddable":true,"href":"https:\/\/villasyfincasmallorca.com\/en\/wp-json\/wp\/v2\/tags?post=54070"}],"curies":[{"name":"wp","href":"https:\/\/api.w.org\/{rel}","templated":true}]}}